{"id":306,"date":"2023-10-29T17:01:08","date_gmt":"2023-10-29T16:01:08","guid":{"rendered":"http:\/\/kolegiumrim.sk\/?p=306"},"modified":"2023-10-30T10:12:36","modified_gmt":"2023-10-30T09:12:36","slug":"duchovna-obnova-pre-alumnov-kolegia-28-oktobra-2023","status":"publish","type":"post","link":"http:\/\/kolegiumrim.sk\/?p=306","title":{"rendered":"Duchovn\u00e1 obnova pre alumnov kol\u00e9gia"},"content":{"rendered":"\n<p style=\"padding-top:var(--wp--preset--spacing--40);padding-bottom:var(--wp--preset--spacing--40)\">V\u00a0sobotu 28. okt\u00f3bra 2023 sa v\u00a0PSK SCM v\u00a0dopolud\u0148aj\u0161\u00edch hodin\u00e1ch uskuto\u010dnila prv\u00e1 zo s\u00e9rie duchovn\u00fdch obnov v\u00a0novom akademickom roku 2023\/2024. Viedol ju nov\u00fd \u0161piritu\u00e1l kol\u00e9gia vsdp. ThDr. Marko Durlak, pracovn\u00edk Dikast\u00e9ria pre v\u00fdchodn\u00e9 Cirkvi. Vo svojej predn\u00e1\u0161ke pre k\u0148azov-\u0161tudentov sa zameral na osvetlenie Knihy J\u00f3b v\u00a0duchu patristick\u00fdch textov. <\/p>\n\n\n\n<p style=\"padding-top:var(--wp--preset--spacing--40);padding-bottom:var(--wp--preset--spacing--40)\">Vsdp. Marko Durlak bol ustanoven\u00fd do \u00falohy \u0161piritu\u00e1la PSK SCM na\u00a0\u00a0106. plen\u00e1rnom zasadnut\u00ed KBS, ktor\u00e9 sa uskuto\u010dnilo v d\u0148och od 16. \u2013 18. okt\u00f3bra 2023 vo Vranove u\u00a0Brna. Nov\u00fd \u0161piritu\u00e1l nahradil vsdp. ThLic. PhDr. Tom\u00e1\u0161a \u0160andrika, ktor\u00fd t\u00fato \u00falohu zast\u00e1val od 1. apr\u00edla 2020. Duchovn\u00e9mu otcovi Tom\u00e1\u0161ovi \u0160andrikom sme\u00a0po\u010fakovali za jeho obetav\u00fa slu\u017ebu \u0161piritu\u00e1la na z\u00e1ver uplynul\u00e9ho akademick\u00e9ho roka.<\/p>\n","protected":false},"excerpt":{"rendered":"<p>V\u00a0sobotu 28. okt\u00f3bra 2023 sa v\u00a0PSK SCM v\u00a0dopolud\u0148aj\u0161\u00edch hodin\u00e1ch uskuto\u010dnila prv\u00e1 zo s\u00e9rie duchovn\u00fdch obnov v\u00a0novom akademickom roku 2023\/2024. Viedol ju nov\u00fd \u0161piritu\u00e1l kol\u00e9gia vsdp. ThDr. Marko Durlak, pracovn\u00edk Dikast\u00e9ria pre v\u00fdchodn\u00e9 Cirkvi. Vo svojej predn\u00e1\u0161ke pre k\u0148azov-\u0161tudentov sa zameral na osvetlenie Knihy J\u00f3b v\u00a0duchu patristick\u00fdch textov. Vsdp. Marko Durlak bol ustanoven\u00fd do \u00falohy \u0161piritu\u00e1la PSK SCM na\u00a0\u00a0106. plen\u00e1rnom zasadnut\u00ed KBS, ktor\u00e9 sa uskuto\u010dnilo v d\u0148och od 16. \u2013 18. okt\u00f3bra 2023 vo Vranove u\u00a0Brna. Nov\u00fd \u0161piritu\u00e1l nahradil vsdp. ThLic. PhDr. Tom\u00e1\u0161a \u0160andrika, ktor\u00fd t\u00fato \u00falohu zast\u00e1val od 1. apr\u00edla 2020. Duchovn\u00e9mu otcovi Tom\u00e1\u0161ovi \u0160andrikom sme\u00a0po\u010fakovali za jeho obetav\u00fa slu\u017ebu<\/p>\n","protected":false},"author":3,"featured_media":308,"comment_status":"closed","ping_status":"open","sticky":false,"template":"","format":"standard","meta":{"_eb_attr":"","om_disable_all_campaigns":false,"_monsterinsights_skip_tracking":false,"_monsterinsights_sitenote_active":false,"_monsterinsights_sitenote_note":"","_monsterinsights_sitenote_category":0,"_uf_show_specific_survey":0,"_uf_disable_surveys":false,"footnotes":""},"categories":[9],"tags":[],"class_list":["post-306","post","type-post","status-publish","format-standard","has-post-thumbnail","hentry","category-zo-zivota-v-kolegiu"],"aioseo_notices":[],"_links":{"self":[{"href":"http:\/\/kolegiumrim.sk\/index.php?rest_route=\/wp\/v2\/posts\/306","targetHints":{"allow":["GET"]}}],"collection":[{"href":"http:\/\/kolegiumrim.sk\/index.php?rest_route=\/wp\/v2\/posts"}],"about":[{"href":"http:\/\/kolegiumrim.sk\/index.php?rest_route=\/wp\/v2\/types\/post"}],"author":[{"embeddable":true,"href":"http:\/\/kolegiumrim.sk\/index.php?rest_route=\/wp\/v2\/users\/3"}],"replies":[{"embeddable":true,"href":"http:\/\/kolegiumrim.sk\/index.php?rest_route=%2Fwp%2Fv2%2Fcomments&post=306"}],"version-history":[{"count":5,"href":"http:\/\/kolegiumrim.sk\/index.php?rest_route=\/wp\/v2\/posts\/306\/revisions"}],"predecessor-version":[{"id":314,"href":"http:\/\/kolegiumrim.sk\/index.php?rest_route=\/wp\/v2\/posts\/306\/revisions\/314"}],"wp:featuredmedia":[{"embeddable":true,"href":"http:\/\/kolegiumrim.sk\/index.php?rest_route=\/wp\/v2\/media\/308"}],"wp:attachment":[{"href":"http:\/\/kolegiumrim.sk\/index.php?rest_route=%2Fwp%2Fv2%2Fmedia&parent=306"}],"wp:term":[{"taxonomy":"category","embeddable":true,"href":"http:\/\/kolegiumrim.sk\/index.php?rest_route=%2Fwp%2Fv2%2Fcategories&post=306"},{"taxonomy":"post_tag","embeddable":true,"href":"http:\/\/kolegiumrim.sk\/index.php?rest_route=%2Fwp%2Fv2%2Ftags&post=306"}],"curies":[{"name":"wp","href":"https:\/\/api.w.org\/{rel}","templated":true}]}}