{"id":355,"date":"2023-11-11T10:18:03","date_gmt":"2023-11-11T09:18:03","guid":{"rendered":"http:\/\/kolegiumrim.sk\/?p=355"},"modified":"2023-11-11T12:27:37","modified_gmt":"2023-11-11T11:27:37","slug":"svata-omsa-za-mons-andreja-gregora-grutku","status":"publish","type":"post","link":"http:\/\/kolegiumrim.sk\/?p=355","title":{"rendered":"Sv\u00e4t\u00e1 om\u0161a za biskupa Mons. Andreja Gregora Grutku\u00a0(1908 &#8211; 1993)"},"content":{"rendered":"\n<p><em>R\u00edm, 11. novembra 2023<\/em><\/p>\n\n\n\n<p style=\"padding-top:var(--wp--preset--spacing--40);padding-bottom:var(--wp--preset--spacing--40)\">V\u00a0dne\u0161n\u00fd de\u0148 uplynulo 30 rokov do smrti Mons. Andreja Gregora Grutku (17. 11. 1908 \u2013 11. 11. 1993), diec\u00e9zneho biskupa v\u00a0Gary (Chicago, Illinois, USA). <\/p>\n\n\n\n<p style=\"padding-top:var(--wp--preset--spacing--40);padding-bottom:var(--wp--preset--spacing--40)\">Tento v\u00fdznamn\u00fd slovensk\u00fd cirkevn\u00fd predstavite\u013e sa mimoriadnym sp\u00f4sobom zasl\u00fa\u017eil o\u00a0zrealizovanie my\u0161lienky vybudovania slovenskej n\u00e1rodnej, cirkevnej, duchovnej a\u00a0vedeckej in\u0161tit\u00facie v R\u00edme, ktor\u00e1 dostala n\u00e1zov Slovensk\u00fd \u00fastav sv. Cyrila a\u00a0Metoda. Biskup Grutka bol odu\u0161evnen\u00fdm organiz\u00e1torom slovensk\u00e9ho n\u00e1rodn\u00e9ho \u017eivota v\u00a0exile, ale i\u00a0starostliv\u00fdm pastierom svojej diec\u00e9zy, do ktorej patrili predmestia Chicaga.\u00a0\u00a0Hoci Mons. Grutka nebol priamym signat\u00e1rom V\u00fdzvy na zalo\u017eenie cyrilometodsk\u00e9ho domu v\u00a0R\u00edme zo d\u0148a\u00a027. decembra 1959, stal sa v\u0161ak jej ne\u00fanavn\u00fdm uskuto\u010d\u0148ovate\u013eom. Preto ho nach\u00e1dzame aj pri po\u017eehnan\u00ed pozemku a prvom sl\u00e1vnostnom v\u00fdkope stavby S\u00daSCM v\u00a0lokalite Castelluccia (R\u00edm) 6. decembra 1962, ktor\u00fd vykonal ako vtedy najvy\u0161\u0161\u00ed slovensk\u00fd cirkevn\u00fd hodnost\u00e1r v\u00a0slovenskom exilovom prostred\u00ed a z d\u00f4vodu, \u017ee \u00fa\u010das\u0165 slovensk\u00fdch biskupov bola pre komunistick\u00fd re\u017eim vo vlasti neuskuto\u010dnite\u013en\u00e1.\u00a0\u00a0Pr\u00e1ve na z\u00e1klade Grutkov\u00fdch z\u00e1ruk a\u00a0jeho pri\u010dinen\u00edm Slovensk\u00fd \u00fastav sv. Cyrila a\u00a0Metoda dostal potrebn\u00e9 schv\u00e1lenia ako cirkevn\u00e1 in\u0161tit\u00facia, aby tak\u00a0mohol realizova\u0165 svoje z\u00e1mery po\u010dn\u00fac v\u00fdchovou slovenskej ml\u00e1de\u017ee, cez vydavate\u013esk\u00fa tvorbu a\u017e po z\u00e1zemie pre duchovn\u00fd \u017eivot Slov\u00e1kov.\u00a0\u00a0<\/p>\n\n\n\n<p style=\"padding-top:var(--wp--preset--spacing--40);padding-bottom:var(--wp--preset--spacing--40)\">Pri pr\u00edle\u017eitosti dne\u0161n\u00e9ho v\u00fdro\u010dia smrti Mons. Andreja Gregora Grutku si komunita P\u00e1pe\u017esk\u00e9ho slovensk\u00e9ho \u00fastavu a&nbsp;kol\u00e9gia sv. Cyrila a&nbsp;Metoda pripomenula t\u00fato v\u00fdznamn\u00fa osobnos\u0165 pri sv\u00e4tej om\u0161i, ktor\u00e1 bola pri pr\u00edle\u017eitosti v\u00fdro\u010dia jeho \u00famrtia obetovan\u00e1 za neho.&nbsp;&nbsp;<\/p>\n","protected":false},"excerpt":{"rendered":"<p>R\u00edm, 11. novembra 2023 V\u00a0dne\u0161n\u00fd de\u0148 uplynulo 30 rokov do smrti Mons. Andreja Gregora Grutku (17. 11. 1908 \u2013 11. 11. 1993), diec\u00e9zneho biskupa v\u00a0Gary (Chicago, Illinois, USA). Tento v\u00fdznamn\u00fd slovensk\u00fd cirkevn\u00fd predstavite\u013e sa mimoriadnym sp\u00f4sobom zasl\u00fa\u017eil o\u00a0zrealizovanie my\u0161lienky vybudovania slovenskej n\u00e1rodnej, cirkevnej, duchovnej a\u00a0vedeckej in\u0161tit\u00facie v R\u00edme, ktor\u00e1 dostala n\u00e1zov Slovensk\u00fd \u00fastav sv. Cyrila a\u00a0Metoda. Biskup Grutka bol odu\u0161evnen\u00fdm organiz\u00e1torom slovensk\u00e9ho n\u00e1rodn\u00e9ho \u017eivota v\u00a0exile, ale i\u00a0starostliv\u00fdm pastierom svojej diec\u00e9zy, do ktorej patrili predmestia Chicaga.\u00a0\u00a0Hoci Mons. Grutka nebol priamym signat\u00e1rom V\u00fdzvy na zalo\u017eenie cyrilometodsk\u00e9ho domu v\u00a0R\u00edme zo d\u0148a\u00a027. decembra 1959, stal sa v\u0161ak jej ne\u00fanavn\u00fdm uskuto\u010d\u0148ovate\u013eom. Preto ho nach\u00e1dzame aj<\/p>\n","protected":false},"author":3,"featured_media":363,"comment_status":"closed","ping_status":"open","sticky":false,"template":"","format":"standard","meta":{"_eb_attr":"","om_disable_all_campaigns":false,"_monsterinsights_skip_tracking":false,"_monsterinsights_sitenote_active":false,"_monsterinsights_sitenote_note":"","_monsterinsights_sitenote_category":0,"_uf_show_specific_survey":0,"_uf_disable_surveys":false,"footnotes":""},"categories":[1],"tags":[],"class_list":["post-355","post","type-post","status-publish","format-standard","has-post-thumbnail","hentry","category-nezaradene"],"aioseo_notices":[],"_links":{"self":[{"href":"http:\/\/kolegiumrim.sk\/index.php?rest_route=\/wp\/v2\/posts\/355","targetHints":{"allow":["GET"]}}],"collection":[{"href":"http:\/\/kolegiumrim.sk\/index.php?rest_route=\/wp\/v2\/posts"}],"about":[{"href":"http:\/\/kolegiumrim.sk\/index.php?rest_route=\/wp\/v2\/types\/post"}],"author":[{"embeddable":true,"href":"http:\/\/kolegiumrim.sk\/index.php?rest_route=\/wp\/v2\/users\/3"}],"replies":[{"embeddable":true,"href":"http:\/\/kolegiumrim.sk\/index.php?rest_route=%2Fwp%2Fv2%2Fcomments&post=355"}],"version-history":[{"count":6,"href":"http:\/\/kolegiumrim.sk\/index.php?rest_route=\/wp\/v2\/posts\/355\/revisions"}],"predecessor-version":[{"id":469,"href":"http:\/\/kolegiumrim.sk\/index.php?rest_route=\/wp\/v2\/posts\/355\/revisions\/469"}],"wp:featuredmedia":[{"embeddable":true,"href":"http:\/\/kolegiumrim.sk\/index.php?rest_route=\/wp\/v2\/media\/363"}],"wp:attachment":[{"href":"http:\/\/kolegiumrim.sk\/index.php?rest_route=%2Fwp%2Fv2%2Fmedia&parent=355"}],"wp:term":[{"taxonomy":"category","embeddable":true,"href":"http:\/\/kolegiumrim.sk\/index.php?rest_route=%2Fwp%2Fv2%2Fcategories&post=355"},{"taxonomy":"post_tag","embeddable":true,"href":"http:\/\/kolegiumrim.sk\/index.php?rest_route=%2Fwp%2Fv2%2Ftags&post=355"}],"curies":[{"name":"wp","href":"https:\/\/api.w.org\/{rel}","templated":true}]}}