{"id":463,"date":"2024-09-19T17:10:36","date_gmt":"2024-09-19T15:10:36","guid":{"rendered":"http:\/\/kolegiumrim.sk\/?p=463"},"modified":"2024-09-19T17:10:37","modified_gmt":"2024-09-19T15:10:37","slug":"dr-anton-neuwirth-pozvanka-na-sv-omsu-pri-prilezitosti-20-vyrocia-smrti","status":"publish","type":"post","link":"http:\/\/kolegiumrim.sk\/?p=463","title":{"rendered":"Dr. Anton\u00a0Neuwirth\u00a0\u2013 pozv\u00e1nka na sv. om\u0161u pri pr\u00edle\u017eitosti 20. v\u00fdro\u010dia smrti"},"content":{"rendered":"\n<p>V&nbsp;sobotu 21. septembra 2024 uplynie 20 rokov od smrti J. E. MUDr. Antona Neuwirtha, Dr.h.c., prv\u00e9ho slovensk\u00e9ho ve\u013evyslanca pri Sv\u00e4tej Stolici po vzniku Slovenskej republiky. Jeho osobnos\u0165, \u017eivotn\u00fd pr\u00edklad a&nbsp;pr\u00e1cu pre Slovensk\u00fa republiku si pripomenieme v&nbsp;nede\u013eu 22. septembra 2024 o&nbsp;10.30 v&nbsp;Kostole sv. Cyrila a&nbsp;Metoda (<em>Pontificio Istituto Slovacco dei Santi Cirillo e Metodio, Via Maria Domencia Brun Barbantini, 31 \u2013 00123 Roma<\/em>) pri sv\u00e4tej om\u0161i, ktor\u00e1 bude obetovan\u00e1 za neho.<\/p>\n\n\n\n<p>MUDr. Anton Neuwirth predstavuje v\u00fdznamn\u00fa osobnos\u0165 slovensk\u00e9ho n\u00e1roda v&nbsp;XX. storo\u010d\u00ed. Do jeho \u017eivota zasiahli nielen okolnosti Druhej svetovej vojny, ale musel sa vysporiada\u0165 i&nbsp;s&nbsp;dlhoro\u010dn\u00fdm prenasledovan\u00edm komunistick\u00fdm re\u017eimom. Jeho osobn\u00e9 presved\u010denie, pevn\u00e1 v\u00f4\u013ea a&nbsp;hlbok\u00e1 viera v&nbsp;evanjeliov\u00e9 hodnoty mu pom\u00e1hali prekona\u0165 v\u0161etky \u0165a\u017ekosti a&nbsp;vyda\u0165 tak svedectvo \u013eudskosti. Na sv\u00e4t\u00fa om\u0161u obetovan\u00fa za Dr. Antona Neuwirtha poz\u00fdvame v\u0161etk\u00fdch \u010dlenov slovenskej komunity v&nbsp;R\u00edme.&nbsp;<\/p>\n","protected":false},"excerpt":{"rendered":"<p>V&nbsp;sobotu 21. septembra 2024 uplynie 20 rokov od smrti J. E. MUDr. Antona Neuwirtha, Dr.h.c., prv\u00e9ho slovensk\u00e9ho ve\u013evyslanca pri Sv\u00e4tej Stolici po vzniku Slovenskej republiky. Jeho osobnos\u0165, \u017eivotn\u00fd pr\u00edklad a&nbsp;pr\u00e1cu pre Slovensk\u00fa republiku si pripomenieme v&nbsp;nede\u013eu 22. septembra 2024 o&nbsp;10.30 v&nbsp;Kostole sv. Cyrila a&nbsp;Metoda (Pontificio Istituto Slovacco dei Santi Cirillo e Metodio, Via Maria Domencia Brun Barbantini, 31 \u2013 00123 Roma) pri sv\u00e4tej om\u0161i, ktor\u00e1 bude obetovan\u00e1 za neho. MUDr. Anton Neuwirth predstavuje v\u00fdznamn\u00fa osobnos\u0165 slovensk\u00e9ho n\u00e1roda v&nbsp;XX. storo\u010d\u00ed. Do jeho \u017eivota zasiahli nielen okolnosti Druhej svetovej vojny, ale musel sa vysporiada\u0165 i&nbsp;s&nbsp;dlhoro\u010dn\u00fdm prenasledovan\u00edm komunistick\u00fdm re\u017eimom. Jeho osobn\u00e9 presved\u010denie, pevn\u00e1<\/p>\n","protected":false},"author":3,"featured_media":465,"comment_status":"closed","ping_status":"open","sticky":false,"template":"","format":"standard","meta":{"_eb_attr":"","om_disable_all_campaigns":false,"_monsterinsights_skip_tracking":false,"_monsterinsights_sitenote_active":false,"_monsterinsights_sitenote_note":"","_monsterinsights_sitenote_category":0,"_uf_show_specific_survey":0,"_uf_disable_surveys":false,"footnotes":""},"categories":[1],"tags":[],"class_list":["post-463","post","type-post","status-publish","format-standard","has-post-thumbnail","hentry","category-nezaradene"],"aioseo_notices":[],"_links":{"self":[{"href":"http:\/\/kolegiumrim.sk\/index.php?rest_route=\/wp\/v2\/posts\/463","targetHints":{"allow":["GET"]}}],"collection":[{"href":"http:\/\/kolegiumrim.sk\/index.php?rest_route=\/wp\/v2\/posts"}],"about":[{"href":"http:\/\/kolegiumrim.sk\/index.php?rest_route=\/wp\/v2\/types\/post"}],"author":[{"embeddable":true,"href":"http:\/\/kolegiumrim.sk\/index.php?rest_route=\/wp\/v2\/users\/3"}],"replies":[{"embeddable":true,"href":"http:\/\/kolegiumrim.sk\/index.php?rest_route=%2Fwp%2Fv2%2Fcomments&post=463"}],"version-history":[{"count":3,"href":"http:\/\/kolegiumrim.sk\/index.php?rest_route=\/wp\/v2\/posts\/463\/revisions"}],"predecessor-version":[{"id":468,"href":"http:\/\/kolegiumrim.sk\/index.php?rest_route=\/wp\/v2\/posts\/463\/revisions\/468"}],"wp:featuredmedia":[{"embeddable":true,"href":"http:\/\/kolegiumrim.sk\/index.php?rest_route=\/wp\/v2\/media\/465"}],"wp:attachment":[{"href":"http:\/\/kolegiumrim.sk\/index.php?rest_route=%2Fwp%2Fv2%2Fmedia&parent=463"}],"wp:term":[{"taxonomy":"category","embeddable":true,"href":"http:\/\/kolegiumrim.sk\/index.php?rest_route=%2Fwp%2Fv2%2Fcategories&post=463"},{"taxonomy":"post_tag","embeddable":true,"href":"http:\/\/kolegiumrim.sk\/index.php?rest_route=%2Fwp%2Fv2%2Ftags&post=463"}],"curies":[{"name":"wp","href":"https:\/\/api.w.org\/{rel}","templated":true}]}}