{"id":545,"date":"2025-03-28T23:29:14","date_gmt":"2025-03-28T22:29:14","guid":{"rendered":"http:\/\/kolegiumrim.sk\/?p=545"},"modified":"2025-03-28T23:33:12","modified_gmt":"2025-03-28T22:33:12","slug":"slovenske-miesta-v-rime-ponuka-pre-itinerar-putnika-copy","status":"publish","type":"post","link":"http:\/\/kolegiumrim.sk\/?p=545","title":{"rendered":"Slovensk\u00e9 miesta v R\u00edme &#8211; ponuka pre itiner\u00e1r p\u00fatnika"},"content":{"rendered":"<p>\n\n\n<p>Pri n\u00e1v\u0161teve R\u00edma sa ka\u017ed\u00fd p\u00fatnik, \u010di turista usiluje dosta\u0165 na tie miesta, kde stoja najv\u00fdznamnej\u0161ie pamiatky. Tak je tomu aj vo Sv\u00e4tom roku, ktor\u00fd aktu\u00e1lne pre\u017e\u00edvame. Najv\u00fdznamnej\u0161\u00edmi miestami pre n\u00e1s veriacih s\u00fa baziliky, ktor\u00e9 maj\u00fa po\u010das sv\u00e4t\u00e9ho roka odmurovan\u00e9 tzv. sv\u00e4t\u00e9 br\u00e1ny. Nimi prech\u00e1dzame, aby sme nazna\u010dili, \u017ee sme sa rozhodli \u00eds\u0165 za Je\u017ei\u0161om, ktor\u00fd je br\u00e1nou k Otcovi. To v\u0161ak nepredstavuje len jednoduch\u00fd \u00fakon kr\u00e1\u010dania, ale znamen\u00e1 to pri\u013enutie k obsahu evanjelia. Lebo ten miluje Otca, kto pln\u00ed jeho v\u00f4\u013eu a Jeho v\u00f4\u013ea je, aby sme boli sv\u00e4t\u00ed ako je On sv\u00e4t\u00fd, aby sme boli dokonal\u00ed ako je On dokonal\u00fd.<\/p>\n\n\n\n<p>Pri p\u00fatnickom prech\u00e1dzan\u00ed Ve\u010dn\u00fdm mestom by sme si v\u0161ak mohli okrem t\u00fdch najv\u00fdznamnej\u0161\u00edch bodov na\u0161ej p\u00fate v\u0161imn\u00fa\u0165 aj miesta, ktor\u00e9 s\u00fa osobitne spojen\u00e9 so Slov\u00e1kmi a ich p\u00f4soben\u00edm v R\u00edme. Pre niekoho to mo\u017eno bude pripomenut\u00edm toho, \u010do nav\u0161t\u00edvil v dev\u00e4\u0165desiatych rokoch po p\u00e1de komunizmu, pre in\u00e9ho z\u00e1stavka na miestach nov\u00fdch, nepoznan\u00fdch a predsa tak v\u00fdznamn\u00fdch pre na\u0161e korene a na\u0161u existenciu. Preto v\u00e1m na na\u0161ich str\u00e1nkach pon\u00fakame kr\u00e1tky itiner\u00e1r pre slovensk\u00e9ho p\u00fatnika v R\u00edme.<\/p>\n\n\n<\/p>\n<p>\n\n\n<p><\/p>\n\n\n\n<p><strong>P\u00e1pe\u017esk\u00fd slovensk\u00fd \u00fastav a&nbsp;kol\u00e9gium sv. Cyrila a&nbsp;Metoda v&nbsp;R\u00edme&nbsp;<\/strong><\/p>\n\n\n\n<p>(predt\u00fdm Slovensk\u00fd \u00fastav sv. Cyrila a Metoda)<\/p>\n\n\n\n<p>T\u00e1to slovensk\u00e1 in\u0161tit\u00facia sa nach\u00e1dza v&nbsp;severoz\u00e1padnej \u010dasti mesta R\u00edm, mezi \u0161tvr\u0165ami La Giustiniana a La Storta. Je \u013eahko dostupn\u00e1 \u017eeleznicou FL 3 zo stan\u00edc Roma &#8211; San Pietro, alebo Valle Aurelia (prestupn\u00e1 stanica Metro A), Ostiense, Tiburtina. Slovensk\u00fd \u00fastav sv. Cyrila a Metoda bol zalo\u017een\u00fd piatimi slovensk\u00fdmi k\u0148azmi 26. decembra 1959. Jeho hlavnou \u00falohou bolo reprezentova\u0165 Slov\u00e1kov pred Sv\u00e4t\u00fdm stolcom a&nbsp;zastre\u0161ova\u0165 cel\u00fa \u010dinnos\u0165 slovensk\u00e9ho katol\u00edckeho exilu. S\u00fa\u010das\u0165ou domu bolo slovensk\u00e9 gymn\u00e1zium, ktor\u00e9 viedli slovensk\u00ed salezi\u00e1ni a&nbsp;vydavate\u013estvo, ktor\u00e9 pripravovalo n\u00e1bo\u017eensk\u00fa literat\u00faru, \u010dasopisy a najm\u00e4 vydanie Sv\u00e4t\u00e9ho P\u00edsma. Z&nbsp;\u00dastavu sa koordinoval \u017eivot slovensk\u00fdch katol\u00edckych farnost\u00ed v&nbsp;slobodnom svete (slovensk\u00e9 farnosti v Eur\u00f3pe) a&nbsp;staros\u0165 o&nbsp;slovensk\u00fdch p\u00fatnikov.&nbsp;&nbsp;Prv\u00fdm direktorom \u00dastavu bol p\u00e1pe\u017esk\u00fd prel\u00e1t Mons. ThDr. \u0160tefan N\u00e1halka. Ale \u017eili a pracovali v \u0148om i \u010fal\u0161ie v\u00fdznamn\u00e9 osobnosti slovensk\u00e9ho exilu: Mons. A. Botek, Mons. J. Vavrovi\u010d, Mons. J. Tomko, Mons. D. Hru\u0161ovsk\u00fd, Mons. \u0160 Vrablec, Don \u013dudov\u00edt Mac\u00e1k SDB, Don August\u00edn N\u00e1dask\u00fd SDB, Don Andrej Paul\u00edny SDB, Don Jozef Ko\u010d\u00edk SDB, Don Rafael \u010cern\u00fd SDB, Don Ernest Mac\u00e1k SDB ako i mnoh\u00e9 slovensk\u00e9 reho\u013en\u00e9 sestry zo Spolo\u010dnosti Dc\u00e9r kres\u0165anskej l\u00e1sky a nesk\u00f4r i z Kongreg\u00e1cie milosrdn\u00fdch sestier sv. Vincenta de Paul &#8211; satm\u00e1rok.<\/p>\n\n\n\n<p>Dnes dom sl\u00fa\u017ei pre slovensk\u00fdch k\u0148azov, ktor\u00fd s\u00fa v R\u00edme na postgradu\u00e1lnych \u0161t\u00fadi\u00e1ch (kol\u00e9gium) a&nbsp;ako slovensk\u00e9 duchovn\u00e9 centrum v&nbsp;R\u00edme pre slovensk\u00fa r\u00edmsku komunitu i ako z\u00e1zemie pre slovensk\u00fdch p\u00fatnikov prich\u00e1dzaj\u00facich do R\u00edma. K&nbsp;dispoz\u00edcii je kostol (mo\u017enos\u0165 sl\u00e1venia sv. om\u0161e) a spolo\u010densk\u00e1 s\u00e1la. P\u00fatnici si m\u00f4\u017eu pozrie\u0165 aj&nbsp;pam\u00e4tn\u00fa izbu kardin\u00e1la Jozefa Tomka. Dom mo\u017eno nav\u0161t\u00edvi\u0165 po dohode s veden\u00edm domu (Stanica \u017eeleznice FL 3 La Giustiniana, alebo La Storta, autobus MHD \u2013 \u010derven\u00fd, \u010d. 201), v\u0161etky cestovn\u00e9 l\u00edstky z&nbsp;mesta &#8211; ATAC platia aj pre t\u00fato z\u00f3nu).<\/p>\n\n\n\n<p>Adresa: Via Maria Domenica Brun Barbantini, 31, 00123 Roma<\/p>\n\n\n\n<p>Mail:&nbsp;<a href=\"mailto:info@kolegiumrim.sk\">info@kolegiumrim.sk<\/a><\/p>\n\n\n\n<p>Web: www.kolegiumrim.sk&nbsp;<\/p>\n\n\n<\/p>\n<\/p>\n<\/p>\n<\/p>\n<\/p>\n<p>\n\n\n<figure class=\"wp-block-image size-large\"><img fetchpriority=\"high\" decoding=\"async\" width=\"1024\" height=\"768\" src=\"http:\/\/kolegiumrim.sk\/wp-content\/uploads\/2023\/10\/IMG_1076-1024x768.jpg\" alt=\"\" class=\"wp-image-305\" srcset=\"http:\/\/kolegiumrim.sk\/wp-content\/uploads\/2023\/10\/IMG_1076-1024x768.jpg 1024w, http:\/\/kolegiumrim.sk\/wp-content\/uploads\/2023\/10\/IMG_1076-300x225.jpg 300w, http:\/\/kolegiumrim.sk\/wp-content\/uploads\/2023\/10\/IMG_1076-768x576.jpg 768w, http:\/\/kolegiumrim.sk\/wp-content\/uploads\/2023\/10\/IMG_1076-1536x1152.jpg 1536w, http:\/\/kolegiumrim.sk\/wp-content\/uploads\/2023\/10\/IMG_1076-2048x1536.jpg 2048w\" sizes=\"(max-width: 1024px) 100vw, 1024px\" \/><\/figure>\n\n\n<\/p>\n<p>\n\n\n<p><strong>Bazilika sv. Klementa na Via Labicana<\/strong><\/p>\n\n\n\n<p>Bazilika sv. Klementa m\u00e1 pre Slov\u00e1kov v&nbsp;r\u00e1mci mesta R\u00edm osobitn\u00fdm v\u00fdznam. Je to miesto kde bol v&nbsp;roku 869 pochovan\u00fd sv. Kon\u0161tant\u00edn-Cyril, brat sv. Metoda. S\u00fa\u010dasn\u00e1 bazilika stoj\u00ed na pozostatkoch antick\u00fdch r\u00edmskych stavieb a&nbsp;neskor\u0161om mitreu \u2013 pohanskom chr\u00e1me, ktor\u00fd bol zasv\u00e4ten\u00fd bohovi Mitrovi. V&nbsp;podzem\u00ed mo\u017eno nav\u0161t\u00edvi\u0165 priestory r\u00edmskeho domu a&nbsp;v&nbsp;podzemnej bazilike aj miesto, kde bol pochovan\u00fd sv. Cyril. Od roku 1952 sa nad jeho hrobom t\u00fd\u010di slovensk\u00fd olt\u00e1r, ktor\u00fd darovali americk\u00ed Slov\u00e1ci. V&nbsp;Bazilike sa nach\u00e1dza aj vz\u00e1cna mozaika v&nbsp;apside, olt\u00e1r a \u201ech\u00f3r s&nbsp;dvomi ambonami&#8220;, ktor\u00fd predstavuje typick\u00fd stavebn\u00fd prvok starokres\u0165ansk\u00fdch bazil\u00edk v R\u00edme. V&nbsp;bo\u010dnej lodi baziliky je od roku 1880 kaplnka zasv\u00e4ten\u00e1 sv. Cyrilovi a&nbsp;Metodovi s&nbsp;freskami zn\u00e1zor\u0148uj\u00facimi udalosti z&nbsp;ich pobytu v&nbsp;R\u00edme.&nbsp;V \u00e1triu baziliky sa nach\u00e1dza symbolick\u00fd sarkof\u00e1g hrobu so slovensk\u00fdmi a hlaholsk\u00fdmi nadpismi. Do podzemia baziliky sa plat\u00ed vstupn\u00e9.<\/p>\n\n\n\n<p>Bazilika je otvoren\u00e1 v&nbsp;\u010dase od 9.00-12.30 a&nbsp;od 14.00-18.00 ka\u017ed\u00fd de\u0148, v&nbsp;nede\u013eu od 12.00-18.00.&nbsp;<\/p>\n\n\n\n<p>Adresa: Via Labicana, 95, 00184 Roma<\/p>\n\n\n\n<p>Mail: segreteria@basilicasanclemente.com<\/p>\n\n\n\n<p>Web: www.basilicasanclemente.com&nbsp;<\/p>\n\n\n\n<p><strong>Bazilika sv. Praxedy<\/strong><\/p>\n\n\n\n<p>T\u00e1to v\u00fdznamn\u00e1 starokres\u0165ansk\u00e1 bazilika sa nach\u00e1dza na Eskvil\u00edne, ktor\u00fd je jedn\u00fdm z&nbsp;r\u00edmskych v\u0155\u0161kov. Bazilika je ur\u010den\u00e1 ako slovensk\u00fd kostol v&nbsp;r\u00e1mci itiner\u00e1ra Eur\u00f3pa v&nbsp;R\u00edme (Iter Europaeum), ktor\u00fd predstavuje 28 kostolov spojen\u00fdch so \u0161t\u00e1tmi Eur\u00f3pskej \u00fanie. Bazilika stoj\u00ed na mieste domu r\u00edmskeho sen\u00e1tora Pudensa (spom\u00edna ho sv. Apo\u0161tol Pavol v Liste Timotejovi: <em>Tim<\/em>&nbsp;4, 21), ktor\u00fd sa obr\u00e1til na k\u00e1zanie sv. Pavla. Obe Pudensove dc\u00e9ry sv. Praxeda a&nbsp;sv. Pudenci\u00e1na sa stali ve\u013ek\u00fdmi dobrodinkami kres\u0165ansk\u00e9ho \u013eudu za \u010do zaplatili vlastn\u00fdm \u017eivotom. Bazilika s&nbsp;nen\u00e1padn\u00fdm vchodom, ne\u010faleko od Baziliky Santa Maria Maggiore, v&nbsp;sebe ukr\u00fdva viacero v\u00fdznamn\u00fdch historick\u00fdch pamiatok, pri ktor\u00fdch sa oplat\u00ed zastavi\u0165 a&nbsp;zotrva\u0165 v&nbsp;tichej modlitbe. V&nbsp;pri\u013eahlom kl\u00e1\u0161tore pob\u00fdvali po\u010das svojho pobytu v&nbsp;R\u00edme na\u0161i vierozvestovia sv. Kon\u0161tant\u00edn-Cyrila a&nbsp;Metod o&nbsp;\u010dom sved\u010d\u00ed aj tabu\u013ea na prie\u010del\u00ed baziliky. Baziliku spravuj\u00fa otcovia benedikt\u00edni nepretr\u017eite od roku 1198. Bazilika je otvoren\u00e1 v&nbsp;\u010dase od 9.00-12.30 a&nbsp;od 15.00-18.00 ka\u017ed\u00fd de\u0148.&nbsp;<\/p>\n\n\n\n<p>Adresa: Via di Santa Prassede 9\/a, 00184 Roma<\/p>\n\n\n\n<figure class=\"wp-block-image size-large\"><img decoding=\"async\" width=\"1024\" height=\"768\" src=\"http:\/\/kolegiumrim.sk\/wp-content\/uploads\/2025\/03\/Basilica-Santa-Prasede-1024x768.jpg\" alt=\"\" class=\"wp-image-524\" srcset=\"http:\/\/kolegiumrim.sk\/wp-content\/uploads\/2025\/03\/Basilica-Santa-Prasede-1024x768.jpg 1024w, http:\/\/kolegiumrim.sk\/wp-content\/uploads\/2025\/03\/Basilica-Santa-Prasede-300x225.jpg 300w, http:\/\/kolegiumrim.sk\/wp-content\/uploads\/2025\/03\/Basilica-Santa-Prasede-768x576.jpg 768w, http:\/\/kolegiumrim.sk\/wp-content\/uploads\/2025\/03\/Basilica-Santa-Prasede-1536x1152.jpg 1536w, http:\/\/kolegiumrim.sk\/wp-content\/uploads\/2025\/03\/Basilica-Santa-Prasede.jpg 2048w\" sizes=\"(max-width: 1024px) 100vw, 1024px\" \/><\/figure>\n\n\n\n<p><\/p>\n\n\n\n<p><strong>Slovensk\u00fd historick\u00fd \u00fastav v&nbsp;R\u00edme<\/strong><\/p>\n\n\n\n<p>SH\u00daR bol zriaden\u00fd z\u00e1konom NR SR v&nbsp;roku 2013 ako v\u00fdskumn\u00e1 in\u0161tit\u00facia, ktor\u00e1 sa zaober\u00e1 vz\u0165ahmi medzi Slovenskom a&nbsp;Sv\u00e4t\u00fdm Stolcom z&nbsp;historick\u00e9ho h\u013eadiska.&nbsp;&nbsp;S\u00fa\u010dasn\u00e9 s\u00eddlo SH\u00daR sa nach\u00e1dza v&nbsp;byte, v&nbsp;ktorom viac ako 24 rokov b\u00fdval slovensk\u00fd kardin\u00e1l Jozef Tomko. Tu si mo\u017eno pozrie\u0165 st\u00e1lu expoz\u00edciu fotografi\u00ed a&nbsp;niektor\u00fdch predmetov zo \u017eivota kardin\u00e1la Tomka a&nbsp;obozn\u00e1mi\u0165 sa bli\u017e\u0161ie aj s&nbsp;\u010dinnos\u0165ou SH\u00daR. Byt sl\u00fa\u017ei na vedeck\u00fa reprezent\u00e1ciu Slovenska pred in\u00fdmi in\u0161tit\u00faciami tohoto typu, ktor\u00e9 p\u00f4sobia v&nbsp;R\u00edme. Priestory SH\u00daR na Via della Conciliazione 44 mo\u017eno nav\u0161t\u00edvi\u0165 po dohode s veden\u00edm (len men\u0161ie skupiny).&nbsp;<\/p>\n\n\n\n<p>Adresa: Via della Conciliazione, 44, 00193 Roma<\/p>\n\n\n\n<p>Mail:&nbsp;<a href=\"mailto:tajomnik@shur.sk\">tajomnik@shur.sk<\/a><\/p>\n\n\n\n<p>Web:&nbsp;<a href=\"http:\/\/www.shur.sk\/\">www.shur.sk<\/a><\/p>\n\n\n<\/p>\n<\/p>\n<\/p>\n<\/p>\n<\/p>\n<\/p>\n<\/p>\n<p>\n\n\n<figure class=\"wp-block-image size-large\"><img decoding=\"async\" width=\"768\" height=\"1024\" src=\"http:\/\/kolegiumrim.sk\/wp-content\/uploads\/2025\/03\/IMG_1356-768x1024.jpg\" alt=\"\" class=\"wp-image-506\" srcset=\"http:\/\/kolegiumrim.sk\/wp-content\/uploads\/2025\/03\/IMG_1356-768x1024.jpg 768w, http:\/\/kolegiumrim.sk\/wp-content\/uploads\/2025\/03\/IMG_1356-225x300.jpg 225w, http:\/\/kolegiumrim.sk\/wp-content\/uploads\/2025\/03\/IMG_1356-1152x1536.jpg 1152w, http:\/\/kolegiumrim.sk\/wp-content\/uploads\/2025\/03\/IMG_1356-1536x2048.jpg 1536w, http:\/\/kolegiumrim.sk\/wp-content\/uploads\/2025\/03\/IMG_1356.jpg 1920w\" sizes=\"(max-width: 768px) 100vw, 768px\" \/><\/figure>\n\n\n<\/p>\n<\/p>\n<p>\n\n\n<p><\/p>\n\n\n\n<p><strong>Chiesa dei Santi Nomi di Ges\u00f9 e&nbsp;Maria na Via del Corso \u2013 Kostol sv\u00e4t\u00fdch mien Je\u017ei\u0161a a&nbsp;M\u00e1rie na Via del Corso&nbsp;<\/strong><\/p>\n\n\n\n<p>Tento nen\u00e1padn\u00fd kostol\u00edk na jednej z&nbsp;najv\u00fdznamnej\u0161\u00edch obchodn\u00fdch ul\u00edc mesta R\u00edma je tie\u017e sp\u00e4t\u00fd so Slovenskom. Je v&nbsp;\u0148om pochovan\u00fd rod\u00e1k zo Spi\u0161skej Starej Vsi brat Alojz M\u00e1ria od Ukri\u017eovan\u00e9ho Je\u017ei\u0161a (vlastn\u00fdm menom Andrej Chme\u013e). Brat Alojz M\u00e1ria zomrel na n\u00e1sledky ochorenia \u0161t\u00edtnej \u017e\u013eazy ani nie 36 ro\u010dn\u00fd v&nbsp;R\u00edme d\u0148a 16. augusta 1939 ako \u010dlen Rehole bos\u00fdch augustini\u00e1nov. Jeho \u017eivot vynikal \u010dnos\u0165ami, modlitbou a&nbsp;obetou vlastn\u00e9ho utrpenia ukri\u017eovan\u00e9mu Je\u017ei\u0161ovi. S&nbsp;bratom Alojzom Mariou od Ukri\u017eovan\u00e9ho Je\u017ei\u0161a bol za\u010dat\u00fd proces blahore\u010denia 7. apr\u00edla 1997 a moment\u00e1lne mu je priznan\u00fd titul &#8222;Bo\u017e\u00ed sluha&#8220;. Kostol Ges\u00f9 e Maria sl\u00fa\u017eil v&nbsp;minulosti ako kostol slovenskej misie v&nbsp;R\u00edme. Kostol je otvoren\u00fd v&nbsp;\u010dase od 9.00-12.30 a&nbsp;od 15.00-19.30 ka\u017ed\u00fd de\u0148.<\/p>\n\n\n\n<p>Adresa: Via del Croso, 45, 00187 Roma<\/p>\n\n\n<\/p>\n<p>\n\n\n<figure class=\"wp-block-image size-large\"><img loading=\"lazy\" decoding=\"async\" width=\"771\" height=\"1024\" src=\"http:\/\/kolegiumrim.sk\/wp-content\/uploads\/2025\/03\/image-1-771x1024.jpeg\" alt=\"\" class=\"wp-image-536\" srcset=\"http:\/\/kolegiumrim.sk\/wp-content\/uploads\/2025\/03\/image-1-771x1024.jpeg 771w, http:\/\/kolegiumrim.sk\/wp-content\/uploads\/2025\/03\/image-1-226x300.jpeg 226w, http:\/\/kolegiumrim.sk\/wp-content\/uploads\/2025\/03\/image-1-768x1021.jpeg 768w, http:\/\/kolegiumrim.sk\/wp-content\/uploads\/2025\/03\/image-1-1156x1536.jpeg 1156w, http:\/\/kolegiumrim.sk\/wp-content\/uploads\/2025\/03\/image-1.jpeg 1204w\" sizes=\"(max-width: 771px) 100vw, 771px\" \/><\/figure>\n\n\n<\/p>\n<p>\n\n\n<p><strong>Slovensk\u00e1 katol\u00edcka misia v&nbsp;R\u00edme &#8211; Chiesa di San Girolamo della Carit\u00e0<\/strong><\/p>\n\n\n\n<p>Jej po\u010diatky mo\u017eno vidie\u0165 u\u017e v&nbsp;tzv. Slovensk\u00e9 katol\u00edcke \u00fastredie v&nbsp;R\u00edme vedenom od p\u00e4\u0165desiatych rokov minul\u00e9ho storo\u010dia Mons. ThDr. Antonom Botekom. V&nbsp;jeho pr\u00e1ci prostredn\u00edctvom Slovensk\u00e9ho \u00fastavu sv. Cyrila a Metoda pokra\u010dovali Mons. \u0160tefan N\u00e1halka, Mons. Dominik Hru\u0161ovsk\u00fd \u010di Mons. \u0160tefan Vrablec.&nbsp;Po roku 1989, ke\u010f narastal po\u010det rod\u00e1kov prich\u00e1dzaj\u00facich do R\u00edma, vytvorilo&nbsp;sa&nbsp;spolo\u010denstvo veriacich a dozrievala my\u0161lienka, aby pastor\u00e1cia Slov\u00e1kov v R\u00edme nadobudla ofici\u00e1lnu formu.&nbsp;Tak sa stalo v&nbsp;roku 2005 ke\u010f bola ofici\u00e1lne zriaden\u00e1 Slovensk\u00e1 katol\u00edcka misia v&nbsp;R\u00edme.&nbsp;Po\u010das pobytu v&nbsp;R\u00edme sa mo\u017eno z\u00fa\u010dastni\u0165 na&nbsp;nede\u013en\u00fdch sv\u00e4t\u00fdch om\u0161iach&nbsp;SKM v&nbsp;slovenskom jazyku.&nbsp;Dospolo\u010denstva&nbsp;s\u00fa pozvan\u00ed v\u0161etci, \u010do h\u013eadaj\u00fa v R\u00edme slovensk\u00e9 z\u00e1zemie.&nbsp;Sv\u00e4t\u00e9 om\u0161e sa sl\u00e1via ka\u017ed\u00fa nede\u013eu o&nbsp;17.00 v&nbsp;Kostole San Girolamo della Carit\u00e0. Vstup do kostola je mo\u017en\u00fd v&nbsp;\u010dase od 16.30 \u2013 17.00 hod.&nbsp;<\/p>\n\n\n\n<p>Adresa:&nbsp;Via di Monserrato, 62A,&nbsp;00186&nbsp;Roma<\/p>\n\n\n\n<p>Mail:&nbsp;<a href=\"mailto:katolickamisiarim@gmail.com\">katolickamisiarim@gmail.com<\/a><\/p>\n\n\n\n<p>Web: www.skmrim.sk<\/p>\n\n\n<\/p>\n<p>\n\n\n<p><\/p>\n\n\n<\/p>\n<\/p>","protected":false},"excerpt":{"rendered":"<p>Pri n\u00e1v\u0161teve R\u00edma sa ka\u017ed\u00fd p\u00fatnik, \u010di turista usiluje dosta\u0165 na tie miesta, kde stoja najv\u00fdznamnej\u0161ie pamiatky. Tak je tomu aj vo Sv\u00e4tom roku, ktor\u00fd aktu\u00e1lne pre\u017e\u00edvame. Najv\u00fdznamnej\u0161\u00edmi miestami pre n\u00e1s veriacih s\u00fa baziliky, ktor\u00e9 maj\u00fa po\u010das sv\u00e4t\u00e9ho roka odmurovan\u00e9 tzv. sv\u00e4t\u00e9 br\u00e1ny. Nimi prech\u00e1dzame, aby sme nazna\u010dili, \u017ee sme sa rozhodli \u00eds\u0165 za Je\u017ei\u0161om, ktor\u00fd je br\u00e1nou k Otcovi. To v\u0161ak nepredstavuje len jednoduch\u00fd \u00fakon kr\u00e1\u010dania, ale znamen\u00e1 to pri\u013enutie k obsahu evanjelia. Lebo ten miluje Otca, kto pln\u00ed jeho v\u00f4\u013eu a Jeho v\u00f4\u013ea je, aby sme boli sv\u00e4t\u00ed ako je On sv\u00e4t\u00fd, aby sme boli dokonal\u00ed ako je<\/p>\n","protected":false},"author":3,"featured_media":500,"comment_status":"open","ping_status":"open","sticky":false,"template":"","format":"standard","meta":{"_eb_attr":"","om_disable_all_campaigns":false,"_monsterinsights_skip_tracking":false,"_monsterinsights_sitenote_active":false,"_monsterinsights_sitenote_note":"","_monsterinsights_sitenote_category":0,"_uf_show_specific_survey":0,"_uf_disable_surveys":false,"footnotes":""},"categories":[1],"tags":[],"class_list":["post-545","post","type-post","status-publish","format-standard","has-post-thumbnail","hentry","category-nezaradene"],"aioseo_notices":[],"_links":{"self":[{"href":"http:\/\/kolegiumrim.sk\/index.php?rest_route=\/wp\/v2\/posts\/545","targetHints":{"allow":["GET"]}}],"collection":[{"href":"http:\/\/kolegiumrim.sk\/index.php?rest_route=\/wp\/v2\/posts"}],"about":[{"href":"http:\/\/kolegiumrim.sk\/index.php?rest_route=\/wp\/v2\/types\/post"}],"author":[{"embeddable":true,"href":"http:\/\/kolegiumrim.sk\/index.php?rest_route=\/wp\/v2\/users\/3"}],"replies":[{"embeddable":true,"href":"http:\/\/kolegiumrim.sk\/index.php?rest_route=%2Fwp%2Fv2%2Fcomments&post=545"}],"version-history":[{"count":2,"href":"http:\/\/kolegiumrim.sk\/index.php?rest_route=\/wp\/v2\/posts\/545\/revisions"}],"predecessor-version":[{"id":568,"href":"http:\/\/kolegiumrim.sk\/index.php?rest_route=\/wp\/v2\/posts\/545\/revisions\/568"}],"wp:featuredmedia":[{"embeddable":true,"href":"http:\/\/kolegiumrim.sk\/index.php?rest_route=\/wp\/v2\/media\/500"}],"wp:attachment":[{"href":"http:\/\/kolegiumrim.sk\/index.php?rest_route=%2Fwp%2Fv2%2Fmedia&parent=545"}],"wp:term":[{"taxonomy":"category","embeddable":true,"href":"http:\/\/kolegiumrim.sk\/index.php?rest_route=%2Fwp%2Fv2%2Fcategories&post=545"},{"taxonomy":"post_tag","embeddable":true,"href":"http:\/\/kolegiumrim.sk\/index.php?rest_route=%2Fwp%2Fv2%2Ftags&post=545"}],"curies":[{"name":"wp","href":"https:\/\/api.w.org\/{rel}","templated":true}]}}