{"id":495,"date":"2024-10-25T23:44:09","date_gmt":"2024-10-25T21:44:09","guid":{"rendered":"http:\/\/kolegiumrim.sk\/?p=495"},"modified":"2025-03-16T21:38:32","modified_gmt":"2025-03-16T20:38:32","slug":"veni-sancte-a-otvorenie-noveho-akademickeho-roka-v-psk-scm","status":"publish","type":"post","link":"https:\/\/kolegiumrim.sk\/?p=495","title":{"rendered":"Veni Sancte a otvorenie nov\u00e9ho akademick\u00e9ho roka v\u00a0PSK SCM"},"content":{"rendered":"\n<p><strong>Veni Sancte a otvorenie akademick\u00e9ho roka 2024\/2025 v&nbsp;PSK SCM<\/strong><strong><\/strong><\/p>\n\n\n\n<p>V sobotu 19. okt\u00f3bra sa v&nbsp;<strong>P\u00e1pe\u017eskom slovenskom \u00fastave a&nbsp;kol\u00e9giu sv. Cyrila a Metoda v&nbsp;R\u00edme<\/strong>&nbsp;pri pr\u00edle\u017eitosti za\u010diatku nov\u00e9ho akademick\u00e9ho roka 2024\/2025 uskuto\u010dnila sl\u00e1vnostn\u00e1 sv. om\u0161a Veni, Sancte, Spiritus. Celebroval ju archimandrita Jaroslav Laj\u010diak, ktor\u00fd moment\u00e1lne p\u00f4sob\u00ed na Dikast\u00e9riu pre v\u00fdchodn\u00e9 cirkvi, spolu so slovensk\u00fdmi k\u0148azmi \u017eij\u00facimi v&nbsp;PSK SCM. Na sv. om\u0161i boli pr\u00edtomn\u00e9 aj reho\u013en\u00e9 sestry z Kongreg\u00e1cie milosrdn\u00fdch sestier sv. Vincenta de Paul \u2013 satm\u00e1rky. Vsdp. Jaroslav Laj\u010diak vo svojej hom\u00edlii povzbudil pr\u00edtomn\u00fdch, aby do ka\u017edej \u017eivotnej udalosti vstupovali s prosbou o Bo\u017eie po\u017eehnanie a tak konali ka\u017ed\u00e9 dielo na v\u00e4\u010d\u0161iu Bo\u017eiu sl\u00e1vu.<\/p>\n\n\n\n<p>V sobotu poobede nav\u0161t\u00edvil cyrilo-metodsk\u00e9 kol\u00e9gium v&nbsp;R\u00edme aj ko\u0161ick\u00fd pomocn\u00fd biskup Mons. Marek Forg\u00e1\u010d, ktor\u00fd sa v t\u00fdchto d\u0148och z\u00fa\u010dast\u0148uje zasadnutia Synody o synodalite v&nbsp;R\u00edme. Mons. Forg\u00e1\u010d je b\u00fdval\u00fdm \u0161tudentom kol\u00e9gia.<\/p>\n\n\n\n<p>V&nbsp;<strong>PSK SCM v s\u00fa\u010dasnosti \u017eije 10 k\u0148azov \u2013 \u0161tudentov zo 4 slovensk\u00fdch diec\u00e9z \u2013 Banskobystrick\u00e1, Nitrianska, Spi\u0161sk\u00e1 a Ko\u0161ick\u00e1. Medzi \u0161tudijn\u00e9 odbory, ktor\u00e9 absolvuj\u00fa dennou formou na r\u00edmskych p\u00e1pe\u017esk\u00fdch univerzit\u00e1ch v r\u00e1mci postgradu\u00e1lneho \u0161t\u00fadia (licenci\u00e1t, doktor\u00e1t), patria k\u00e1nonick\u00e9 pr\u00e1vo, psychol\u00f3gia, katechetika, masmedi\u00e1lna komunik\u00e1cia, pastor\u00e1lna, biblick\u00e1, mor\u00e1lna a spiritu\u00e1lna teol\u00f3gia. (FG)<\/strong><\/p>\n","protected":false},"excerpt":{"rendered":"<p>Veni Sancte a otvorenie akademick\u00e9ho roka 2024\/2025 v&nbsp;PSK SCM V sobotu 19. okt\u00f3bra sa v&nbsp;P\u00e1pe\u017eskom slovenskom \u00fastave a&nbsp;kol\u00e9giu sv. Cyrila a Metoda v&nbsp;R\u00edme&nbsp;pri pr\u00edle\u017eitosti za\u010diatku nov\u00e9ho akademick\u00e9ho roka 2024\/2025 uskuto\u010dnila sl\u00e1vnostn\u00e1 sv. om\u0161a Veni, Sancte, Spiritus. Celebroval ju archimandrita Jaroslav Laj\u010diak, ktor\u00fd moment\u00e1lne p\u00f4sob\u00ed na Dikast\u00e9riu pre v\u00fdchodn\u00e9 cirkvi, spolu so slovensk\u00fdmi k\u0148azmi \u017eij\u00facimi v&nbsp;PSK SCM. Na sv. om\u0161i boli pr\u00edtomn\u00e9 aj reho\u013en\u00e9 sestry z Kongreg\u00e1cie milosrdn\u00fdch sestier sv. Vincenta de Paul \u2013 satm\u00e1rky. Vsdp. Jaroslav Laj\u010diak vo svojej hom\u00edlii povzbudil pr\u00edtomn\u00fdch, aby do ka\u017edej \u017eivotnej udalosti vstupovali s prosbou o Bo\u017eie po\u017eehnanie a tak konali ka\u017ed\u00e9 dielo na v\u00e4\u010d\u0161iu<\/p>\n","protected":false},"author":3,"featured_media":7,"comment_status":"open","ping_status":"open","sticky":false,"template":"","format":"standard","meta":{"_eb_attr":"","om_disable_all_campaigns":false,"_monsterinsights_skip_tracking":false,"_monsterinsights_sitenote_active":false,"_monsterinsights_sitenote_note":"","_monsterinsights_sitenote_category":0,"_uf_show_specific_survey":0,"_uf_disable_surveys":false,"footnotes":""},"categories":[1],"tags":[],"class_list":["post-495","post","type-post","status-publish","format-standard","has-post-thumbnail","hentry","category-nezaradene"],"aioseo_notices":[],"_links":{"self":[{"href":"https:\/\/kolegiumrim.sk\/index.php?rest_route=\/wp\/v2\/posts\/495","targetHints":{"allow":["GET"]}}],"collection":[{"href":"https:\/\/kolegiumrim.sk\/index.php?rest_route=\/wp\/v2\/posts"}],"about":[{"href":"https:\/\/kolegiumrim.sk\/index.php?rest_route=\/wp\/v2\/types\/post"}],"author":[{"embeddable":true,"href":"https:\/\/kolegiumrim.sk\/index.php?rest_route=\/wp\/v2\/users\/3"}],"replies":[{"embeddable":true,"href":"https:\/\/kolegiumrim.sk\/index.php?rest_route=%2Fwp%2Fv2%2Fcomments&post=495"}],"version-history":[{"count":1,"href":"https:\/\/kolegiumrim.sk\/index.php?rest_route=\/wp\/v2\/posts\/495\/revisions"}],"predecessor-version":[{"id":496,"href":"https:\/\/kolegiumrim.sk\/index.php?rest_route=\/wp\/v2\/posts\/495\/revisions\/496"}],"wp:featuredmedia":[{"embeddable":true,"href":"https:\/\/kolegiumrim.sk\/index.php?rest_route=\/wp\/v2\/media\/7"}],"wp:attachment":[{"href":"https:\/\/kolegiumrim.sk\/index.php?rest_route=%2Fwp%2Fv2%2Fmedia&parent=495"}],"wp:term":[{"taxonomy":"category","embeddable":true,"href":"https:\/\/kolegiumrim.sk\/index.php?rest_route=%2Fwp%2Fv2%2Fcategories&post=495"},{"taxonomy":"post_tag","embeddable":true,"href":"https:\/\/kolegiumrim.sk\/index.php?rest_route=%2Fwp%2Fv2%2Ftags&post=495"}],"curies":[{"name":"wp","href":"https:\/\/api.w.org\/{rel}","templated":true}]}}